{"id":6557,"date":"2024-09-06T11:00:47","date_gmt":"2024-09-06T09:00:47","guid":{"rendered":"https:\/\/www.viamartransit.com\/?p=6557"},"modified":"2024-09-06T11:33:25","modified_gmt":"2024-09-06T09:33:25","slug":"plus-dexposants-etrangers-et-de-nouveaux-espaces-pour-le-nautique-2024","status":"publish","type":"post","link":"https:\/\/www.viamartransit.com\/fr\/nouvelles-de-lentreprise\/plus-dexposants-etrangers-et-de-nouveaux-espaces-pour-le-nautique-2024\/","title":{"rendered":"Plus d\u2019exposants \u00e9trangers et de nouveaux espaces pour le Nautique 2024"},"content":{"rendered":"\n<style type=\"text\/css\" data-created_by=\"avia_inline_auto\" id=\"style-css-av-lc09ghko-4a9dbd292a96899c81fe29c56a8d1030\">\n.avia-section.av-lc09ghko-4a9dbd292a96899c81fe29c56a8d1030{\nbackground-repeat:no-repeat;\nbackground-image:url(https:\/\/www.viamartransit.com\/wp-content\/uploads\/2024\/09\/salonenauticogenova-1-1150x500-1.jpg);\nbackground-position:50% 50%;\nbackground-attachment:scroll;\n}\n.avia-section.av-lc09ghko-4a9dbd292a96899c81fe29c56a8d1030 .av-section-color-overlay{\nopacity:0.8;\nbackground-color:#797f80;\n}\n<\/style>\n<div id='av_section_1'  class='avia-section av-lc09ghko-4a9dbd292a96899c81fe29c56a8d1030 main_color avia-section-default avia-no-border-styling  avia-builder-el-0  el_before_av_textblock  avia-builder-el-first  avia-full-stretch avia-bg-style-scroll av-section-color-overlay-active av-minimum-height av-minimum-height-25 av-height-25  container_wrap sidebar_right'  data-section-bg-repeat='stretch' data-av_minimum_height_pc='25' data-av_min_height_opt='25'><div class=\"av-section-color-overlay-wrap\"><div class=\"av-section-color-overlay\"><\/div><div class='container av-section-cont-open' ><main  role=\"main\" itemprop=\"mainContentOfPage\"  class='template-page content  av-content-small alpha units'><div class='post-entry post-entry-type-page post-entry-6557'><div class='entry-content-wrapper clearfix'>\n<div  class='flex_column av-fqu28-6dc4ecbb986a7597c9c41f5bb76ac3b2 av_one_half  avia-builder-el-1  el_before_av_one_half  avia-builder-el-first  first flex_column_div  '     ><style type=\"text\/css\" data-created_by=\"avia_inline_auto\" id=\"style-css-av-lc09g3wh-863e5cc806cd991913e481f1413ca342\">\n#top .av_textblock_section.av-lc09g3wh-863e5cc806cd991913e481f1413ca342 .avia_textblock{\ncolor:#ffffff;\n}\n<\/style>\n<section  class='av_textblock_section av-lc09g3wh-863e5cc806cd991913e481f1413ca342 '   itemscope=\"itemscope\" itemtype=\"https:\/\/schema.org\/BlogPosting\" itemprop=\"blogPost\" ><div class='avia_textblock av_inherit_color'  itemprop=\"text\" ><h1>Plus d\u2019exposants \u00e9trangers et de nouveaux espaces pour le Nautique 2024<\/h1>\n<\/div><\/section><br \/>\n\n<style type=\"text\/css\" data-created_by=\"avia_inline_auto\" id=\"style-css-av-lc09ga4g-431498fb4326415591dd469955756bdb\">\n#top .av_textblock_section.av-lc09ga4g-431498fb4326415591dd469955756bdb .avia_textblock{\ncolor:#d8d3b2;\n}\n<\/style>\n<section  class='av_textblock_section av-lc09ga4g-431498fb4326415591dd469955756bdb '   itemscope=\"itemscope\" itemtype=\"https:\/\/schema.org\/BlogPosting\" itemprop=\"blogPost\" ><div class='avia_textblock av_inherit_color'  itemprop=\"text\" ><\/div><\/section><br \/>\n\n<style type=\"text\/css\" data-created_by=\"avia_inline_auto\" id=\"style-css-av-8fdhs-95fc34012825e2e815c00d5e9f111828\">\n#top .av_textblock_section.av-8fdhs-95fc34012825e2e815c00d5e9f111828 .avia_textblock{\ncolor:#d8d3b2;\n}\n<\/style>\n<section  class='av_textblock_section av-8fdhs-95fc34012825e2e815c00d5e9f111828 '   itemscope=\"itemscope\" itemtype=\"https:\/\/schema.org\/BlogPosting\" itemprop=\"blogPost\" ><div class='avia_textblock briciole_pane av_inherit_color'  itemprop=\"text\" ><p><code><div class=\"breadcrumb breadcrumbs avia-breadcrumbs\"><div class=\"breadcrumb-trail\" ><span class=\"trail-before\"><span class=\"breadcrumb-title\">Vous \u00eates ici :<\/span><\/span> <span  itemscope=\"itemscope\" itemtype=\"https:\/\/schema.org\/BreadcrumbList\" ><span  itemscope=\"itemscope\" itemtype=\"https:\/\/schema.org\/ListItem\" itemprop=\"itemListElement\" ><a itemprop=\"url\" href=\"https:\/\/www.viamartransit.com\/fr\/\" title=\"Viamar Transit\" rel=\"home\" class=\"trail-begin\"><span itemprop=\"name\">Accueil<\/span><\/a><span itemprop=\"position\" class=\"hidden\">1<\/span><\/span><\/span> <span class=\"sep\">\/<\/span> <span  itemscope=\"itemscope\" itemtype=\"https:\/\/schema.org\/BreadcrumbList\" ><span  itemscope=\"itemscope\" itemtype=\"https:\/\/schema.org\/ListItem\" itemprop=\"itemListElement\" ><a itemprop=\"url\" href=\"https:\/\/www.viamartransit.com\/fr\/news\/\" title=\"News\"><span itemprop=\"name\">News<\/span><\/a><span itemprop=\"position\" class=\"hidden\">2<\/span><\/span><\/span><\/div><\/div><\/code><\/p>\n<\/div><\/section><\/p><\/div><div  class='flex_column av-m3j34-dba8d2714b4b2ade51a1e0a6c3dfdce5 av_one_half  avia-builder-el-5  el_after_av_one_half  avia-builder-el-last  flex_column_div  '     ><\/div>\n<\/div><\/div><\/main><!-- close content main element --><\/div><\/div><\/div><div id='after_section_1'  class='main_color av_default_container_wrap container_wrap sidebar_right'  ><div class='container av-section-cont-open' ><div class='template-page content  av-content-small alpha units'><div class='post-entry post-entry-type-page post-entry-6557'><div class='entry-content-wrapper clearfix'>\n<section  class='av_textblock_section av-lc09ehmk-4da999bf5fe58ca028dc7932a11a6fa8 '   itemscope=\"itemscope\" itemtype=\"https:\/\/schema.org\/BlogPosting\" itemprop=\"blogPost\" ><div class='avia_textblock justificato'  itemprop=\"text\" ><p><strong>La soixante-quatri\u00e8me \u00e9dition du salon verra la pr\u00e9sence de trois ministres (Salvini, Urso et Musumeci). Les marques expos\u00e9es seront 1.052 et 1.030 bateaux en exposition, le long d\u2019un parcours d\u2019exposition qui se d\u00e9roule sur 220 mille m\u00e8tres carr\u00e9s entre les zones \u00e0 terre et \u00e0 l\u2019eau avec 85% des espaces ext\u00e9rieurs<\/strong><\/p>\n<p>G\u00eanes &#8211; Des espaces en croissance, plus d\u2019exposants \u00e9trangers et la nouveaut\u00e9 du vieux Palasport, compl\u00e8tement refait \u00e0 neuf dans le cadre du Waterfront con\u00e7u par Renzo Piano, qui sera porte d\u2019entr\u00e9e et billetterie, comme il l\u2019avait \u00e9t\u00e9 jusqu\u2019\u00e0 il y a quelques ann\u00e9es.<strong> La soixante-quatri\u00e8me \u00e9dition du Salon Nautique de G\u00eanes,<\/strong> du 19 au 24\u00a0septembre, s\u2019ouvrira sur une s\u00e9rie de nouveaut\u00e9s et dans un cadre qui a vu en 2023 le chiffre d\u2019affaires de la navigation italienne cro\u00eetre encore \u00e0 deux chiffres, pour la septi\u00e8me ann\u00e9e cons\u00e9cutive et augmenter l\u2019emploi. Et marquera \u00e9galement la date du changement du logo historique du Salon Nautique et le lancement de la campagne \u00ab\u00a0We are made of sea\u00a0\u00bb.<\/p>\n<p>Pour l\u2019inaugurer il y aura trois ministres\u00a0: le vice-premier ministre et ministre des Infrastructures et des transports, <strong>Matteo Salvini, Adolfo Urso<\/strong> Entreprises et made in Italy, qui la veille, toujours \u00e0 G\u00eanes, coupera le ruban de la nouvelle Tour pilotes et <strong>Nello Musumeci<\/strong>, Politiques de la mer.<\/p>\n<p><strong>Les marques expos\u00e9es seront 1.052<\/strong>, 1.030 bateaux en exposition, le long d\u2019un parcours d\u2019exposition qui se d\u00e9roule sur 220 mille m\u00e8tres carr\u00e9s entre les zones \u00e0 terre et l\u2019eau avec 85% des zones en plein air. En tout, cinq mille m\u00e8tres carr\u00e9s de plus que 2023, qui accueillera plus de cent nouveaut\u00e9s et plus de <strong>30 premi\u00e8res mondiales<\/strong>. Et le nombre d\u2019exposants \u00e9trangers augmente \u00e9galement, qui, dans le seul segment de la production cette ann\u00e9e, augmentent de 23 unit\u00e9s.<\/p>\n<p>\u00ab\u00a0Spectaculaire et plein de contenu parce que les meilleures marques viendront investir \u00e0 G\u00eanes\u00a0\u00bb &#8211; <strong>souligne le pr\u00e9sident de Confindustria Nautique Saverio Cecchi<\/strong>, en annon\u00e7ant \u00e9galement que \u00ab\u00a0Palazzo Chigi vient de publier l\u2019accord au texte du r\u00e8glement d\u2019application du code de la navigation, a \u00e9t\u00e9 adopt\u00e9 le dernier d\u00e9cret qui rend op\u00e9rationnel le nouveau titre professionnel simplifi\u00e9 pour la location de bateaux\u00a0\u00bb.<\/p>\n<p>Les chiffres exacts sur l\u2019\u00e9volution de la Nautica de diporto italienne en 2023 seront officialis\u00e9s seulement le jour de l\u2019inauguration, mais \u00e0 la pr\u00e9sentation d\u2019aujourd\u2019hui \u00e0 G\u00eanes Marina Stella, directeur g\u00e9n\u00e9ral de Confindustria Nautique, a anticip\u00e9 \u00ab\u00a0C\u2019est la septi\u00e8me ann\u00e9e cons\u00e9cutive de croissance \u00e0 deux chiffres du nautisme italien, une croissance robuste et solide dont nous sommes fiers. Le chiffre d\u2019affaires et l\u2019emploi ont augment\u00e9. Sur le chiffre d\u2019affaires, il y a un double chiffre confirm\u00e9, qui \u00e9tait notre objectif mais nous ne pensions pas pouvoir l\u2019atteindre. Sur l\u2019emploi, nous vous dirons\u00a0\u00bb.<\/p>\n<p>En 2022, le chiffre d\u2019affaires total avait atteint un record de 7,3\u00a0milliards, et 2023 a fait un pas en avant. \u00ab\u00a0M\u00eame si la pouss\u00e9e \u00e9motionnelle post-Covid a disparu, les chiffres de croissance restent \u00e0 deux chiffres, ce qui laisse entendre que la vague de nouvelles entr\u00e9es dans le monde du yachting n\u2019\u00e9tait pas &#8211; pour la plupart &#8211; transitoire et fugace. Le public de ceux qui, \u00e0 divers titres, se sont approch\u00e9s de ce monde s\u2019est indiscutablement \u00e9largi, l\u2019\u00e2ge moyen des utilisateurs de bateaux a baiss\u00e9, la capacit\u00e9 de d\u00e9pense d\u2019une partie de ces nouveaux clients s\u2019av\u00e8re importante\u00a0\u00bb, ajoute Andrea Razeto, pr\u00e9sident des Salons Nautiques, la soci\u00e9t\u00e9 de Confindustria Nautique qui organise le Salon Nautique de G\u00eanes.<\/p>\n<p>\u00ab\u00a0Sur un total de 626\u00a0milliards d\u2019exportations totales en 2023 le secteur nautique, le transport maritime plus de navires, a vendu \u00e0 l\u2019\u00e9tranger pour plus de 9\u00a0milliards d\u2019euros. En ce qui concerne les bateaux de plaisance et sportifs, l\u2019exportation a \u00e9t\u00e9 de 4\u00a0milliards, soit une augmentation de 16% sur 2022 et de 74% sur 2019 &#8211; explique Matteo Zoppas, pr\u00e9sident d\u2019Agenzia Ice, intervenu \u00e0 la pr\u00e9sentation \u00e0 laquelle ils ont particip\u00e9, entre autres, m\u00eame le vice-ministre aux Infrastructures et aux Transports Edoardo Rixi, le maire de G\u00eanes Matteo Bucci et le pr\u00e9sident de la Chambre de commerce Luigi Attanasio -. Les premiers mois de 2024 confirment la tendance positive avec une croissance des exportations entre janvier et mai de 15%\u00a0\u00bb.<\/p>\n<p>En 2023, le leadership mondial de la production italienne de superyachts a enregistr\u00e9 une hausse de 21% par rapport \u00e0 l\u2019ann\u00e9e pr\u00e9c\u00e9dente avec 51% des commandes mondiales. \u00ab\u00a0Un bateau sur deux dans les mers du monde est Made in Italy\u00a0\u00bb souligne Razeto qui explique \u00e9galement comment le Salon Nautique 2024 sera pr\u00e9sent\u00e9 aux visiteurs avec la plupart des chantiers du nouveau Watefront con\u00e7u par Renzo Piano (il ne manque que l\u2019h\u00f4tel)\u00a0: le nouveau Palasport sera l\u2019entr\u00e9e de la manifestation et les bateaux seront expos\u00e9s aussi le long des canaux tout autour de l\u2019\u00eele du Pavillon Bleu. \u00ab\u00a0Je pense que ce sera l\u2019une des choses qui \u00e9tonnera le plus\u00a0\u00bb conclut Razeto.<\/p>\n<p><strong>FONTE: SHIP MAG &#8211; MONICA ZUNINO 02\/09\/2024<\/strong><\/p>\n<\/div><\/section>\n","protected":false},"excerpt":{"rendered":"","protected":false},"author":2,"featured_media":6562,"comment_status":"closed","ping_status":"closed","sticky":false,"template":"","format":"standard","meta":{"footnotes":""},"categories":[62],"tags":[],"class_list":["post-6557","post","type-post","status-publish","format-standard","has-post-thumbnail","hentry","category-nouvelles-de-lentreprise"],"yoast_head":"<!-- This site is optimized with the Yoast SEO plugin v28.4 - https:\/\/yoast.com\/product\/yoast-seo-wordpress\/ -->\n<title>Plus d\u2019exposants \u00e9trangers et de nouveaux espaces pour le Nautique 2024 - Viamar Transit<\/title>\n<meta name=\"robots\" content=\"index, follow, max-snippet:-1, max-image-preview:large, max-video-preview:-1\" \/>\n<link rel=\"canonical\" href=\"https:\/\/www.viamartransit.com\/fr\/nouvelles-de-lentreprise\/plus-dexposants-etrangers-et-de-nouveaux-espaces-pour-le-nautique-2024\/\" \/>\n<meta property=\"og:locale\" content=\"fr_FR\" \/>\n<meta property=\"og:type\" content=\"article\" \/>\n<meta property=\"og:title\" content=\"Plus d\u2019exposants \u00e9trangers et de nouveaux espaces pour le Nautique 2024 - Viamar Transit\" \/>\n<meta property=\"og:url\" content=\"https:\/\/www.viamartransit.com\/fr\/nouvelles-de-lentreprise\/plus-dexposants-etrangers-et-de-nouveaux-espaces-pour-le-nautique-2024\/\" \/>\n<meta property=\"og:site_name\" content=\"Viamar Transit\" \/>\n<meta property=\"article:published_time\" content=\"2024-09-06T09:00:47+00:00\" \/>\n<meta property=\"article:modified_time\" content=\"2024-09-06T09:33:25+00:00\" \/>\n<meta property=\"og:image\" content=\"https:\/\/www.viamartransit.com\/wp-content\/uploads\/2024\/09\/salonenauticogenova-1-1150x500-1.jpg\" \/>\n\t<meta property=\"og:image:width\" content=\"1150\" \/>\n\t<meta property=\"og:image:height\" content=\"500\" \/>\n\t<meta property=\"og:image:type\" content=\"image\/jpeg\" \/>\n<meta name=\"author\" content=\"Silvia\" \/>\n<meta name=\"twitter:card\" content=\"summary_large_image\" \/>\n<meta name=\"twitter:label1\" content=\"\u00c9crit par\" \/>\n\t<meta name=\"twitter:data1\" content=\"Silvia\" \/>\n\t<meta name=\"twitter:label2\" content=\"Dur\u00e9e de lecture estim\u00e9e\" \/>\n\t<meta name=\"twitter:data2\" content=\"5 minutes\" \/>\n<script type=\"application\/ld+json\" class=\"yoast-schema-graph\">{\"@context\":\"https:\\\/\\\/schema.org\",\"@graph\":[{\"@type\":\"Article\",\"@id\":\"https:\\\/\\\/www.viamartransit.com\\\/fr\\\/nouvelles-de-lentreprise\\\/plus-dexposants-etrangers-et-de-nouveaux-espaces-pour-le-nautique-2024\\\/#article\",\"isPartOf\":{\"@id\":\"https:\\\/\\\/www.viamartransit.com\\\/fr\\\/nouvelles-de-lentreprise\\\/plus-dexposants-etrangers-et-de-nouveaux-espaces-pour-le-nautique-2024\\\/\"},\"author\":{\"name\":\"Silvia\",\"@id\":\"https:\\\/\\\/www.viamartransit.com\\\/fr\\\/#\\\/schema\\\/person\\\/10809a46a67977dabfb4e0ba595a9d75\"},\"headline\":\"Plus d\u2019exposants \u00e9trangers et de nouveaux espaces pour le Nautique 2024\",\"datePublished\":\"2024-09-06T09:00:47+00:00\",\"dateModified\":\"2024-09-06T09:33:25+00:00\",\"mainEntityOfPage\":{\"@id\":\"https:\\\/\\\/www.viamartransit.com\\\/fr\\\/nouvelles-de-lentreprise\\\/plus-dexposants-etrangers-et-de-nouveaux-espaces-pour-le-nautique-2024\\\/\"},\"wordCount\":2006,\"publisher\":{\"@id\":\"https:\\\/\\\/www.viamartransit.com\\\/fr\\\/#organization\"},\"image\":{\"@id\":\"https:\\\/\\\/www.viamartransit.com\\\/fr\\\/nouvelles-de-lentreprise\\\/plus-dexposants-etrangers-et-de-nouveaux-espaces-pour-le-nautique-2024\\\/#primaryimage\"},\"thumbnailUrl\":\"https:\\\/\\\/www.viamartransit.com\\\/wp-content\\\/uploads\\\/2024\\\/09\\\/salonenauticogenova-1-1150x500-1.jpg\",\"articleSection\":[\"Nouvelles de l&#039;entreprise\"],\"inLanguage\":\"fr-FR\"},{\"@type\":\"WebPage\",\"@id\":\"https:\\\/\\\/www.viamartransit.com\\\/fr\\\/nouvelles-de-lentreprise\\\/plus-dexposants-etrangers-et-de-nouveaux-espaces-pour-le-nautique-2024\\\/\",\"url\":\"https:\\\/\\\/www.viamartransit.com\\\/fr\\\/nouvelles-de-lentreprise\\\/plus-dexposants-etrangers-et-de-nouveaux-espaces-pour-le-nautique-2024\\\/\",\"name\":\"Plus d\u2019exposants \u00e9trangers et de nouveaux espaces pour le Nautique 2024 - Viamar Transit\",\"isPartOf\":{\"@id\":\"https:\\\/\\\/www.viamartransit.com\\\/fr\\\/#website\"},\"primaryImageOfPage\":{\"@id\":\"https:\\\/\\\/www.viamartransit.com\\\/fr\\\/nouvelles-de-lentreprise\\\/plus-dexposants-etrangers-et-de-nouveaux-espaces-pour-le-nautique-2024\\\/#primaryimage\"},\"image\":{\"@id\":\"https:\\\/\\\/www.viamartransit.com\\\/fr\\\/nouvelles-de-lentreprise\\\/plus-dexposants-etrangers-et-de-nouveaux-espaces-pour-le-nautique-2024\\\/#primaryimage\"},\"thumbnailUrl\":\"https:\\\/\\\/www.viamartransit.com\\\/wp-content\\\/uploads\\\/2024\\\/09\\\/salonenauticogenova-1-1150x500-1.jpg\",\"datePublished\":\"2024-09-06T09:00:47+00:00\",\"dateModified\":\"2024-09-06T09:33:25+00:00\",\"breadcrumb\":{\"@id\":\"https:\\\/\\\/www.viamartransit.com\\\/fr\\\/nouvelles-de-lentreprise\\\/plus-dexposants-etrangers-et-de-nouveaux-espaces-pour-le-nautique-2024\\\/#breadcrumb\"},\"inLanguage\":\"fr-FR\",\"potentialAction\":[{\"@type\":\"ReadAction\",\"target\":[\"https:\\\/\\\/www.viamartransit.com\\\/fr\\\/nouvelles-de-lentreprise\\\/plus-dexposants-etrangers-et-de-nouveaux-espaces-pour-le-nautique-2024\\\/\"]}]},{\"@type\":\"ImageObject\",\"inLanguage\":\"fr-FR\",\"@id\":\"https:\\\/\\\/www.viamartransit.com\\\/fr\\\/nouvelles-de-lentreprise\\\/plus-dexposants-etrangers-et-de-nouveaux-espaces-pour-le-nautique-2024\\\/#primaryimage\",\"url\":\"https:\\\/\\\/www.viamartransit.com\\\/wp-content\\\/uploads\\\/2024\\\/09\\\/salonenauticogenova-1-1150x500-1.jpg\",\"contentUrl\":\"https:\\\/\\\/www.viamartransit.com\\\/wp-content\\\/uploads\\\/2024\\\/09\\\/salonenauticogenova-1-1150x500-1.jpg\",\"width\":1150,\"height\":500,\"caption\":\"salone nautico a genova\"},{\"@type\":\"BreadcrumbList\",\"@id\":\"https:\\\/\\\/www.viamartransit.com\\\/fr\\\/nouvelles-de-lentreprise\\\/plus-dexposants-etrangers-et-de-nouveaux-espaces-pour-le-nautique-2024\\\/#breadcrumb\",\"itemListElement\":[{\"@type\":\"ListItem\",\"position\":1,\"name\":\"Home\",\"item\":\"https:\\\/\\\/www.viamartransit.com\\\/fr\\\/homepage\\\/\"},{\"@type\":\"ListItem\",\"position\":2,\"name\":\"Plus d\u2019exposants \u00e9trangers et de nouveaux espaces pour le Nautique 2024\"}]},{\"@type\":\"WebSite\",\"@id\":\"https:\\\/\\\/www.viamartransit.com\\\/fr\\\/#website\",\"url\":\"https:\\\/\\\/www.viamartransit.com\\\/fr\\\/\",\"name\":\"Viamar Transit\",\"description\":\"Casa di spedizione internazionale , trasporti marittimi container\",\"publisher\":{\"@id\":\"https:\\\/\\\/www.viamartransit.com\\\/fr\\\/#organization\"},\"potentialAction\":[{\"@type\":\"SearchAction\",\"target\":{\"@type\":\"EntryPoint\",\"urlTemplate\":\"https:\\\/\\\/www.viamartransit.com\\\/fr\\\/?s={search_term_string}\"},\"query-input\":{\"@type\":\"PropertyValueSpecification\",\"valueRequired\":true,\"valueName\":\"search_term_string\"}}],\"inLanguage\":\"fr-FR\"},{\"@type\":\"Organization\",\"@id\":\"https:\\\/\\\/www.viamartransit.com\\\/fr\\\/#organization\",\"name\":\"Viamar Transit\",\"url\":\"https:\\\/\\\/www.viamartransit.com\\\/fr\\\/\",\"logo\":{\"@type\":\"ImageObject\",\"inLanguage\":\"fr-FR\",\"@id\":\"https:\\\/\\\/www.viamartransit.com\\\/fr\\\/#\\\/schema\\\/logo\\\/image\\\/\",\"url\":\"https:\\\/\\\/www.viamartransit.com\\\/wp-content\\\/uploads\\\/2022\\\/12\\\/20220908_VIAMAR_LOGO-1.png\",\"contentUrl\":\"https:\\\/\\\/www.viamartransit.com\\\/wp-content\\\/uploads\\\/2022\\\/12\\\/20220908_VIAMAR_LOGO-1.png\",\"width\":1740,\"height\":750,\"caption\":\"Viamar Transit\"},\"image\":{\"@id\":\"https:\\\/\\\/www.viamartransit.com\\\/fr\\\/#\\\/schema\\\/logo\\\/image\\\/\"}},{\"@type\":\"Person\",\"@id\":\"https:\\\/\\\/www.viamartransit.com\\\/fr\\\/#\\\/schema\\\/person\\\/10809a46a67977dabfb4e0ba595a9d75\",\"name\":\"Silvia\",\"image\":{\"@type\":\"ImageObject\",\"inLanguage\":\"fr-FR\",\"@id\":\"https:\\\/\\\/secure.gravatar.com\\\/avatar\\\/581b87dd8662a57fae013977f7d122c69ae08463bb8a223d00001379a5e176dc?s=96&d=mm&r=g\",\"url\":\"https:\\\/\\\/secure.gravatar.com\\\/avatar\\\/581b87dd8662a57fae013977f7d122c69ae08463bb8a223d00001379a5e176dc?s=96&d=mm&r=g\",\"contentUrl\":\"https:\\\/\\\/secure.gravatar.com\\\/avatar\\\/581b87dd8662a57fae013977f7d122c69ae08463bb8a223d00001379a5e176dc?s=96&d=mm&r=g\",\"caption\":\"Silvia\"}}]}<\/script>\n<!-- \/ Yoast SEO plugin. -->","yoast_head_json":{"title":"Plus d\u2019exposants \u00e9trangers et de nouveaux espaces pour le Nautique 2024 - Viamar Transit","robots":{"index":"index","follow":"follow","max-snippet":"max-snippet:-1","max-image-preview":"max-image-preview:large","max-video-preview":"max-video-preview:-1"},"canonical":"https:\/\/www.viamartransit.com\/fr\/nouvelles-de-lentreprise\/plus-dexposants-etrangers-et-de-nouveaux-espaces-pour-le-nautique-2024\/","og_locale":"fr_FR","og_type":"article","og_title":"Plus d\u2019exposants \u00e9trangers et de nouveaux espaces pour le Nautique 2024 - Viamar Transit","og_url":"https:\/\/www.viamartransit.com\/fr\/nouvelles-de-lentreprise\/plus-dexposants-etrangers-et-de-nouveaux-espaces-pour-le-nautique-2024\/","og_site_name":"Viamar Transit","article_published_time":"2024-09-06T09:00:47+00:00","article_modified_time":"2024-09-06T09:33:25+00:00","og_image":[{"width":1150,"height":500,"url":"https:\/\/www.viamartransit.com\/wp-content\/uploads\/2024\/09\/salonenauticogenova-1-1150x500-1.jpg","type":"image\/jpeg"}],"author":"Silvia","twitter_card":"summary_large_image","twitter_misc":{"\u00c9crit par":"Silvia","Dur\u00e9e de lecture estim\u00e9e":"5 minutes"},"schema":{"@context":"https:\/\/schema.org","@graph":[{"@type":"Article","@id":"https:\/\/www.viamartransit.com\/fr\/nouvelles-de-lentreprise\/plus-dexposants-etrangers-et-de-nouveaux-espaces-pour-le-nautique-2024\/#article","isPartOf":{"@id":"https:\/\/www.viamartransit.com\/fr\/nouvelles-de-lentreprise\/plus-dexposants-etrangers-et-de-nouveaux-espaces-pour-le-nautique-2024\/"},"author":{"name":"Silvia","@id":"https:\/\/www.viamartransit.com\/fr\/#\/schema\/person\/10809a46a67977dabfb4e0ba595a9d75"},"headline":"Plus d\u2019exposants \u00e9trangers et de nouveaux espaces pour le Nautique 2024","datePublished":"2024-09-06T09:00:47+00:00","dateModified":"2024-09-06T09:33:25+00:00","mainEntityOfPage":{"@id":"https:\/\/www.viamartransit.com\/fr\/nouvelles-de-lentreprise\/plus-dexposants-etrangers-et-de-nouveaux-espaces-pour-le-nautique-2024\/"},"wordCount":2006,"publisher":{"@id":"https:\/\/www.viamartransit.com\/fr\/#organization"},"image":{"@id":"https:\/\/www.viamartransit.com\/fr\/nouvelles-de-lentreprise\/plus-dexposants-etrangers-et-de-nouveaux-espaces-pour-le-nautique-2024\/#primaryimage"},"thumbnailUrl":"https:\/\/www.viamartransit.com\/wp-content\/uploads\/2024\/09\/salonenauticogenova-1-1150x500-1.jpg","articleSection":["Nouvelles de l&#039;entreprise"],"inLanguage":"fr-FR"},{"@type":"WebPage","@id":"https:\/\/www.viamartransit.com\/fr\/nouvelles-de-lentreprise\/plus-dexposants-etrangers-et-de-nouveaux-espaces-pour-le-nautique-2024\/","url":"https:\/\/www.viamartransit.com\/fr\/nouvelles-de-lentreprise\/plus-dexposants-etrangers-et-de-nouveaux-espaces-pour-le-nautique-2024\/","name":"Plus d\u2019exposants \u00e9trangers et de nouveaux espaces pour le Nautique 2024 - Viamar Transit","isPartOf":{"@id":"https:\/\/www.viamartransit.com\/fr\/#website"},"primaryImageOfPage":{"@id":"https:\/\/www.viamartransit.com\/fr\/nouvelles-de-lentreprise\/plus-dexposants-etrangers-et-de-nouveaux-espaces-pour-le-nautique-2024\/#primaryimage"},"image":{"@id":"https:\/\/www.viamartransit.com\/fr\/nouvelles-de-lentreprise\/plus-dexposants-etrangers-et-de-nouveaux-espaces-pour-le-nautique-2024\/#primaryimage"},"thumbnailUrl":"https:\/\/www.viamartransit.com\/wp-content\/uploads\/2024\/09\/salonenauticogenova-1-1150x500-1.jpg","datePublished":"2024-09-06T09:00:47+00:00","dateModified":"2024-09-06T09:33:25+00:00","breadcrumb":{"@id":"https:\/\/www.viamartransit.com\/fr\/nouvelles-de-lentreprise\/plus-dexposants-etrangers-et-de-nouveaux-espaces-pour-le-nautique-2024\/#breadcrumb"},"inLanguage":"fr-FR","potentialAction":[{"@type":"ReadAction","target":["https:\/\/www.viamartransit.com\/fr\/nouvelles-de-lentreprise\/plus-dexposants-etrangers-et-de-nouveaux-espaces-pour-le-nautique-2024\/"]}]},{"@type":"ImageObject","inLanguage":"fr-FR","@id":"https:\/\/www.viamartransit.com\/fr\/nouvelles-de-lentreprise\/plus-dexposants-etrangers-et-de-nouveaux-espaces-pour-le-nautique-2024\/#primaryimage","url":"https:\/\/www.viamartransit.com\/wp-content\/uploads\/2024\/09\/salonenauticogenova-1-1150x500-1.jpg","contentUrl":"https:\/\/www.viamartransit.com\/wp-content\/uploads\/2024\/09\/salonenauticogenova-1-1150x500-1.jpg","width":1150,"height":500,"caption":"salone nautico a genova"},{"@type":"BreadcrumbList","@id":"https:\/\/www.viamartransit.com\/fr\/nouvelles-de-lentreprise\/plus-dexposants-etrangers-et-de-nouveaux-espaces-pour-le-nautique-2024\/#breadcrumb","itemListElement":[{"@type":"ListItem","position":1,"name":"Home","item":"https:\/\/www.viamartransit.com\/fr\/homepage\/"},{"@type":"ListItem","position":2,"name":"Plus d\u2019exposants \u00e9trangers et de nouveaux espaces pour le Nautique 2024"}]},{"@type":"WebSite","@id":"https:\/\/www.viamartransit.com\/fr\/#website","url":"https:\/\/www.viamartransit.com\/fr\/","name":"Viamar Transit","description":"Casa di spedizione internazionale , trasporti marittimi container","publisher":{"@id":"https:\/\/www.viamartransit.com\/fr\/#organization"},"potentialAction":[{"@type":"SearchAction","target":{"@type":"EntryPoint","urlTemplate":"https:\/\/www.viamartransit.com\/fr\/?s={search_term_string}"},"query-input":{"@type":"PropertyValueSpecification","valueRequired":true,"valueName":"search_term_string"}}],"inLanguage":"fr-FR"},{"@type":"Organization","@id":"https:\/\/www.viamartransit.com\/fr\/#organization","name":"Viamar Transit","url":"https:\/\/www.viamartransit.com\/fr\/","logo":{"@type":"ImageObject","inLanguage":"fr-FR","@id":"https:\/\/www.viamartransit.com\/fr\/#\/schema\/logo\/image\/","url":"https:\/\/www.viamartransit.com\/wp-content\/uploads\/2022\/12\/20220908_VIAMAR_LOGO-1.png","contentUrl":"https:\/\/www.viamartransit.com\/wp-content\/uploads\/2022\/12\/20220908_VIAMAR_LOGO-1.png","width":1740,"height":750,"caption":"Viamar Transit"},"image":{"@id":"https:\/\/www.viamartransit.com\/fr\/#\/schema\/logo\/image\/"}},{"@type":"Person","@id":"https:\/\/www.viamartransit.com\/fr\/#\/schema\/person\/10809a46a67977dabfb4e0ba595a9d75","name":"Silvia","image":{"@type":"ImageObject","inLanguage":"fr-FR","@id":"https:\/\/secure.gravatar.com\/avatar\/581b87dd8662a57fae013977f7d122c69ae08463bb8a223d00001379a5e176dc?s=96&d=mm&r=g","url":"https:\/\/secure.gravatar.com\/avatar\/581b87dd8662a57fae013977f7d122c69ae08463bb8a223d00001379a5e176dc?s=96&d=mm&r=g","contentUrl":"https:\/\/secure.gravatar.com\/avatar\/581b87dd8662a57fae013977f7d122c69ae08463bb8a223d00001379a5e176dc?s=96&d=mm&r=g","caption":"Silvia"}}]}},"meta_box":[],"_links":{"self":[{"href":"https:\/\/www.viamartransit.com\/fr\/wp-json\/wp\/v2\/posts\/6557","targetHints":{"allow":["GET"]}}],"collection":[{"href":"https:\/\/www.viamartransit.com\/fr\/wp-json\/wp\/v2\/posts"}],"about":[{"href":"https:\/\/www.viamartransit.com\/fr\/wp-json\/wp\/v2\/types\/post"}],"author":[{"embeddable":true,"href":"https:\/\/www.viamartransit.com\/fr\/wp-json\/wp\/v2\/users\/2"}],"replies":[{"embeddable":true,"href":"https:\/\/www.viamartransit.com\/fr\/wp-json\/wp\/v2\/comments?post=6557"}],"version-history":[{"count":5,"href":"https:\/\/www.viamartransit.com\/fr\/wp-json\/wp\/v2\/posts\/6557\/revisions"}],"predecessor-version":[{"id":6573,"href":"https:\/\/www.viamartransit.com\/fr\/wp-json\/wp\/v2\/posts\/6557\/revisions\/6573"}],"wp:featuredmedia":[{"embeddable":true,"href":"https:\/\/www.viamartransit.com\/fr\/wp-json\/wp\/v2\/media\/6562"}],"wp:attachment":[{"href":"https:\/\/www.viamartransit.com\/fr\/wp-json\/wp\/v2\/media?parent=6557"}],"wp:term":[{"taxonomy":"category","embeddable":true,"href":"https:\/\/www.viamartransit.com\/fr\/wp-json\/wp\/v2\/categories?post=6557"},{"taxonomy":"post_tag","embeddable":true,"href":"https:\/\/www.viamartransit.com\/fr\/wp-json\/wp\/v2\/tags?post=6557"}],"curies":[{"name":"wp","href":"https:\/\/api.w.org\/{rel}","templated":true}]}}