{"id":6036,"date":"2024-06-06T13:40:54","date_gmt":"2024-06-06T11:40:54","guid":{"rendered":"https:\/\/www.viamartransit.com\/?p=6036"},"modified":"2024-06-06T13:57:24","modified_gmt":"2024-06-06T11:57:24","slug":"fret-des-conteneurs-sommes-nous-en-train-de-revenir-aux-niveaux-de-la-periode-covid","status":"publish","type":"post","link":"https:\/\/www.viamartransit.com\/fr\/nouvelles-de-lentreprise\/fret-des-conteneurs-sommes-nous-en-train-de-revenir-aux-niveaux-de-la-periode-covid\/","title":{"rendered":"Fret des conteneurs : Sommes-nous en train de revenir aux niveaux de la p\u00e9riode Covid ?"},"content":{"rendered":"\n<style type=\"text\/css\" data-created_by=\"avia_inline_auto\" id=\"style-css-av-lc09ghko-3dc4bbc9e6ca3bebd35b2a3de4aed3eb\">\n.avia-section.av-lc09ghko-3dc4bbc9e6ca3bebd35b2a3de4aed3eb{\nbackground-repeat:no-repeat;\nbackground-image:url(https:\/\/www.viamartransit.com\/wp-content\/uploads\/2023\/03\/container-2-infoContainer.jpg);\nbackground-position:50% 50%;\nbackground-attachment:scroll;\n}\n.avia-section.av-lc09ghko-3dc4bbc9e6ca3bebd35b2a3de4aed3eb .av-section-color-overlay{\nopacity:0.8;\nbackground-color:#797f80;\n}\n<\/style>\n<div id='av_section_1'  class='avia-section av-lc09ghko-3dc4bbc9e6ca3bebd35b2a3de4aed3eb main_color avia-section-default avia-no-border-styling  avia-builder-el-0  el_before_av_textblock  avia-builder-el-first  avia-full-stretch avia-bg-style-scroll av-section-color-overlay-active av-minimum-height av-minimum-height-25 av-height-25  container_wrap sidebar_right'  data-section-bg-repeat='stretch' data-av_minimum_height_pc='25' data-av_min_height_opt='25'><div class=\"av-section-color-overlay-wrap\"><div class=\"av-section-color-overlay\"><\/div><div class='container av-section-cont-open' ><main  role=\"main\" itemprop=\"mainContentOfPage\"  class='template-page content  av-content-small alpha units'><div class='post-entry post-entry-type-page post-entry-6036'><div class='entry-content-wrapper clearfix'>\n<div  class='flex_column av-fqu28-6dc4ecbb986a7597c9c41f5bb76ac3b2 av_one_half  avia-builder-el-1  el_before_av_one_half  avia-builder-el-first  first flex_column_div  '     ><style type=\"text\/css\" data-created_by=\"avia_inline_auto\" id=\"style-css-av-lc09g3wh-863e5cc806cd991913e481f1413ca342\">\n#top .av_textblock_section.av-lc09g3wh-863e5cc806cd991913e481f1413ca342 .avia_textblock{\ncolor:#ffffff;\n}\n<\/style>\n<section  class='av_textblock_section av-lc09g3wh-863e5cc806cd991913e481f1413ca342 '   itemscope=\"itemscope\" itemtype=\"https:\/\/schema.org\/BlogPosting\" itemprop=\"blogPost\" ><div class='avia_textblock av_inherit_color'  itemprop=\"text\" ><h1><strong>Fret des conteneurs : Sommes-nous en train de revenir aux niveaux de la p\u00e9riode Covid ?<\/strong><\/h1>\n<h3><strong>Les pr\u00e9occupations des op\u00e9rateurs du secteur<\/strong><\/h3>\n<\/div><\/section><br \/>\n\n<style type=\"text\/css\" data-created_by=\"avia_inline_auto\" id=\"style-css-av-lc09ga4g-431498fb4326415591dd469955756bdb\">\n#top .av_textblock_section.av-lc09ga4g-431498fb4326415591dd469955756bdb .avia_textblock{\ncolor:#d8d3b2;\n}\n<\/style>\n<section  class='av_textblock_section av-lc09ga4g-431498fb4326415591dd469955756bdb '   itemscope=\"itemscope\" itemtype=\"https:\/\/schema.org\/BlogPosting\" itemprop=\"blogPost\" ><div class='avia_textblock av_inherit_color'  itemprop=\"text\" ><\/div><\/section><br \/>\n\n<style type=\"text\/css\" data-created_by=\"avia_inline_auto\" id=\"style-css-av-8fdhs-95fc34012825e2e815c00d5e9f111828\">\n#top .av_textblock_section.av-8fdhs-95fc34012825e2e815c00d5e9f111828 .avia_textblock{\ncolor:#d8d3b2;\n}\n<\/style>\n<section  class='av_textblock_section av-8fdhs-95fc34012825e2e815c00d5e9f111828 '   itemscope=\"itemscope\" itemtype=\"https:\/\/schema.org\/BlogPosting\" itemprop=\"blogPost\" ><div class='avia_textblock briciole_pane av_inherit_color'  itemprop=\"text\" ><p><code><div class=\"breadcrumb breadcrumbs avia-breadcrumbs\"><div class=\"breadcrumb-trail\" ><span class=\"trail-before\"><span class=\"breadcrumb-title\">Vous \u00eates ici :<\/span><\/span> <span  itemscope=\"itemscope\" itemtype=\"https:\/\/schema.org\/BreadcrumbList\" ><span  itemscope=\"itemscope\" itemtype=\"https:\/\/schema.org\/ListItem\" itemprop=\"itemListElement\" ><a itemprop=\"url\" href=\"https:\/\/www.viamartransit.com\/fr\/\" title=\"Viamar Transit\" rel=\"home\" class=\"trail-begin\"><span itemprop=\"name\">Accueil<\/span><\/a><span itemprop=\"position\" class=\"hidden\">1<\/span><\/span><\/span> <span class=\"sep\">\/<\/span> <span  itemscope=\"itemscope\" itemtype=\"https:\/\/schema.org\/BreadcrumbList\" ><span  itemscope=\"itemscope\" itemtype=\"https:\/\/schema.org\/ListItem\" itemprop=\"itemListElement\" ><a itemprop=\"url\" href=\"https:\/\/www.viamartransit.com\/fr\/news\/\" title=\"News\"><span itemprop=\"name\">News<\/span><\/a><span itemprop=\"position\" class=\"hidden\">2<\/span><\/span><\/span><\/div><\/div><\/code><\/p>\n<\/div><\/section><\/p><\/div><div  class='flex_column av-m3j34-dba8d2714b4b2ade51a1e0a6c3dfdce5 av_one_half  avia-builder-el-5  el_after_av_one_half  avia-builder-el-last  flex_column_div  '     ><\/div><\/div><\/div><\/main><!-- close content main element --><\/div><\/div><\/div><div id='after_section_1'  class='main_color av_default_container_wrap container_wrap sidebar_right'  ><div class='container av-section-cont-open' ><div class='template-page content  av-content-small alpha units'><div class='post-entry post-entry-type-page post-entry-6036'><div class='entry-content-wrapper clearfix'><section  class='av_textblock_section av-lc09ehmk-4da999bf5fe58ca028dc7932a11a6fa8 '   itemscope=\"itemscope\" itemtype=\"https:\/\/schema.org\/BlogPosting\" itemprop=\"blogPost\" ><div class='avia_textblock justificato'  itemprop=\"text\" ><p>Les tarifs ont atteint jusqu&rsquo;\u00e0 7000 dollars par FEU sur certaines routes, enregistrant des augmentations hebdomadaires jamais vues depuis la pand\u00e9mie\u00a0\u00bb, d\u00e9clare Alice Arduini, fondatrice de l\u2019entreprise de transport Alix International, inqui\u00e8te. \u00ab\u00a0La faible offre de navires continue de se combiner avec la forte demande de marchandises, et il devient de plus en plus difficile de trouver des conteneurs disponibles dans les principaux ports chinois\u00a0\u00bb.<\/p>\n<p>C\u2019est la soci\u00e9t\u00e9 d\u2019analyse Container XChange qui souligne comment les r\u00e9cents d\u00e9veloppements dus \u00e0 la situation conjoncturelle ont d\u00e9clench\u00e9 des augmentations significatives des prix des conteneurs, notamment en Chine, o\u00f9 un conteneur de quarante pieds a atteint d\u00e9but mai une valeur de 2500-2700 dollars.<\/p>\n<p>Pour le fondateur de Container XChange, Christian Roeloffs, les effets de la suspension des trajets dans la mer Rouge par les principaux transporteurs consisteront en une r\u00e9duction progressive des navires et des conteneurs disponibles sur le march\u00e9, avec un impact \u00e9vident sur le niveau d&rsquo;op\u00e9rabilit\u00e9 de nombreux ports, contraints de faire face \u00e0 de nouveaux probl\u00e8mes possibles de congestion en raison de la prolongation des voyages est-ouest et du retard dans la livraison de nombreuses marchandises.<\/p>\n<p>Le Container Price Sentiment Index, l\u2019indice d\u00e9velopp\u00e9 par la soci\u00e9t\u00e9 d\u2019analyse pour suivre l\u2019\u00e9tat d\u2019esprit des professionnels de la cha\u00eene d&rsquo;approvisionnement par rapport \u00e0 l\u2019\u00e9volution du march\u00e9 des conteneurs, indique \u00e9galement que dans les semaines \u00e0 venir, on assistera \u00e0 une augmentation des prix des conteneurs. Apr\u00e8s l\u2019effondrement du pont de Baltimore, sa valeur avait atteint, sur une \u00e9chelle de 0 \u00e0 100, des valeurs comprises entre 67 et 71 points. Aujourd\u2019hui, elle s\u2019est stabilis\u00e9e \u00e0 un niveau l\u00e9g\u00e8rement plus bas, de 36 \u00e0 41. Selon Roeloffs, cela indique que les op\u00e9rateurs du secteur s&rsquo;attendent \u00e0 des augmentations stables et graduelles des prix des conteneurs dans le transport de marchandises mondial pour les mois \u00e0 venir.<\/p>\n<p>Alice Arduini ne fait pas exception et souligne que la peak season a en fait commenc\u00e9 plus t\u00f4t cette ann\u00e9e, puisque les exp\u00e9diteurs europ\u00e9ens ont d\u00e9j\u00e0 r\u00e9serv\u00e9 tous les cr\u00e9neaux disponibles \u00e0 bord des navires pour charger les marchandises hivernales en provenance d\u2019Asie. \u00ab\u00a0C&rsquo;est une course aux cr\u00e9neaux largement soutenue par la faible disponibilit\u00e9 des navires et des conteneurs\u00a0\u00bb, affirme-t-elle.<\/p>\n<p>Commentant l\u2019\u00e9volution des tarifs spot de l\u2019Asie vers l\u2019Europe et ceux du commerce transpacifique, le PDG de Vespucci Maritime, Lars Jensen, a \u00e9galement parl\u00e9 d\u2019un retour \u00e0 la p\u00e9riode sombre de la pand\u00e9mie : \u00ab\u00a0Les taux spot de l\u2019Asie vers l\u2019Europe du Nord sont maintenant l\u00e9g\u00e8rement plus \u00e9lev\u00e9s que les valeurs de pointe atteintes en janvier, juste apr\u00e8s l\u2019\u00e9clatement de la crise de la mer Rouge et sont maintenant \u00e0 un niveau jamais vu depuis septembre 2022\u00a0\u00bb, observe-t-il, ajoutant que les valeurs sur le commerce Asie-M\u00e9diterran\u00e9e, en baisse de 900 dollars par FEU par rapport au pic de janvier 2024, ont n\u00e9anmoins augment\u00e9 de 1777 dollars par FEU au cours des trois derni\u00e8res semaines.<\/p>\n<p>Sur le commerce transpacifique, la situation est encore pire : \u00ab\u00a0les taux entre l\u2019Asie et la c\u00f4te ouest des \u00c9tats-Unis ont augment\u00e9 de 1900 dollars par FEU au cours des trois derni\u00e8res semaines et sont sup\u00e9rieurs de 500 dollars au pic de janvier 2024. Encore une fois, nous voyons des valeurs jamais vues depuis septembre 2022\u00a0\u00bb.<\/p>\n<p>En ce qui concerne les services reliant l\u2019Asie \u00e0 la c\u00f4te Est des \u00c9tats-Unis, \u00ab\u00a0les taux ont augment\u00e9 de 2100 dollars par FEU au cours des trois derni\u00e8res semaines et ont d\u00e9pass\u00e9 le pic depuis le d\u00e9but de 2024\u00a0\u00bb.<\/p>\n<p>En bref, selon l\u2019analyste expert, nous revivons une situation conjoncturelle pas tr\u00e8s diff\u00e9rente de celle que la logistique a d\u00fb affronter pendant la pand\u00e9mie : \u00ab\u00a0Ce n\u2019est que pendant cette p\u00e9riode que les tarifs ont enregistr\u00e9 des augmentations similaires en seulement trois semaines\u00a0\u00bb, est son commentaire final.<\/p>\n<p>\u00ab\u00a0C\u2019est exactement comme \u00e0 l\u2019\u00e9poque du Covid\u00a0\u00bb, souligne Alice Arduini, \u00ab\u00a0aujourd\u2019hui comme alors, les services de liaison restent m\u00e9diocres : les navires font plus de transbordements, s\u2019arr\u00eatant dans d\u2019autres ports avant d\u2019arriver en Italie. Les horaires programm\u00e9s ne sont en fait pas respect\u00e9s. Les clients sont en col\u00e8re car les marchandises n\u2019arrivent pas \u00e0 temps et beaucoup envisagent de recourir \u00e0 un moyen de transport alternatif, comme le train\u00a0\u00bb.<\/p>\n<p>La diff\u00e9rence de co\u00fbt entre le transport maritime et ferroviaire n\u2019est plus aujourd\u2019hui si importante pour d\u00e9courager l\u2019utilisation du rail : \u00ab\u00a0Le fret d\u2019un conteneur sur un train co\u00fbte environ 11-12 000 dollars par FEU, 4000\/5000 dollars de plus que les valeurs actuelles du transport maritime. Ce n\u2019est pas une diff\u00e9rence si grande, surtout si l\u2019on consid\u00e8re que le train, bien que prenant plus de temps pour arriver \u00e0 destination, est aujourd\u2019hui plus fiable que le navire\u00a0\u00bb.<\/p>\n<p><strong>SOURCE : R\u00c9DACTION PORT NEWS 27\/05\/2024<\/strong><\/p>\n<\/div><\/section><\/p>\n","protected":false},"excerpt":{"rendered":"","protected":false},"author":2,"featured_media":1056,"comment_status":"closed","ping_status":"closed","sticky":false,"template":"","format":"standard","meta":{"footnotes":""},"categories":[62],"tags":[],"class_list":["post-6036","post","type-post","status-publish","format-standard","has-post-thumbnail","hentry","category-nouvelles-de-lentreprise"],"yoast_head":"<!-- This site is optimized with the Yoast SEO plugin v28.4 - https:\/\/yoast.com\/product\/yoast-seo-wordpress\/ -->\n<title>Fret des conteneurs : Sommes-nous en train de revenir aux niveaux de la p\u00e9riode Covid ? - Viamar Transit<\/title>\n<meta name=\"robots\" content=\"index, follow, max-snippet:-1, max-image-preview:large, max-video-preview:-1\" \/>\n<link rel=\"canonical\" href=\"https:\/\/www.viamartransit.com\/fr\/nouvelles-de-lentreprise\/fret-des-conteneurs-sommes-nous-en-train-de-revenir-aux-niveaux-de-la-periode-covid\/\" \/>\n<meta property=\"og:locale\" content=\"fr_FR\" \/>\n<meta property=\"og:type\" content=\"article\" \/>\n<meta property=\"og:title\" content=\"Fret des conteneurs : Sommes-nous en train de revenir aux niveaux de la p\u00e9riode Covid ? - Viamar Transit\" \/>\n<meta property=\"og:url\" content=\"https:\/\/www.viamartransit.com\/fr\/nouvelles-de-lentreprise\/fret-des-conteneurs-sommes-nous-en-train-de-revenir-aux-niveaux-de-la-periode-covid\/\" \/>\n<meta property=\"og:site_name\" content=\"Viamar Transit\" \/>\n<meta property=\"article:published_time\" content=\"2024-06-06T11:40:54+00:00\" \/>\n<meta property=\"article:modified_time\" content=\"2024-06-06T11:57:24+00:00\" \/>\n<meta property=\"og:image\" content=\"https:\/\/www.viamartransit.com\/wp-content\/uploads\/2023\/03\/container-2-infoContainer.jpg\" \/>\n\t<meta property=\"og:image:width\" content=\"1024\" \/>\n\t<meta property=\"og:image:height\" content=\"686\" \/>\n\t<meta property=\"og:image:type\" content=\"image\/jpeg\" \/>\n<meta name=\"author\" content=\"Silvia\" \/>\n<meta name=\"twitter:card\" content=\"summary_large_image\" \/>\n<meta name=\"twitter:label1\" content=\"\u00c9crit par\" \/>\n\t<meta name=\"twitter:data1\" content=\"Silvia\" \/>\n\t<meta name=\"twitter:label2\" content=\"Dur\u00e9e de lecture estim\u00e9e\" \/>\n\t<meta name=\"twitter:data2\" content=\"5 minutes\" \/>\n<script type=\"application\/ld+json\" class=\"yoast-schema-graph\">{\"@context\":\"https:\\\/\\\/schema.org\",\"@graph\":[{\"@type\":\"Article\",\"@id\":\"https:\\\/\\\/www.viamartransit.com\\\/fr\\\/nouvelles-de-lentreprise\\\/fret-des-conteneurs-sommes-nous-en-train-de-revenir-aux-niveaux-de-la-periode-covid\\\/#article\",\"isPartOf\":{\"@id\":\"https:\\\/\\\/www.viamartransit.com\\\/fr\\\/nouvelles-de-lentreprise\\\/fret-des-conteneurs-sommes-nous-en-train-de-revenir-aux-niveaux-de-la-periode-covid\\\/\"},\"author\":{\"name\":\"Silvia\",\"@id\":\"https:\\\/\\\/www.viamartransit.com\\\/fr\\\/#\\\/schema\\\/person\\\/10809a46a67977dabfb4e0ba595a9d75\"},\"headline\":\"Fret des conteneurs : Sommes-nous en train de revenir aux niveaux de la p\u00e9riode Covid ?\",\"datePublished\":\"2024-06-06T11:40:54+00:00\",\"dateModified\":\"2024-06-06T11:57:24+00:00\",\"mainEntityOfPage\":{\"@id\":\"https:\\\/\\\/www.viamartransit.com\\\/fr\\\/nouvelles-de-lentreprise\\\/fret-des-conteneurs-sommes-nous-en-train-de-revenir-aux-niveaux-de-la-periode-covid\\\/\"},\"wordCount\":1980,\"publisher\":{\"@id\":\"https:\\\/\\\/www.viamartransit.com\\\/fr\\\/#organization\"},\"image\":{\"@id\":\"https:\\\/\\\/www.viamartransit.com\\\/fr\\\/nouvelles-de-lentreprise\\\/fret-des-conteneurs-sommes-nous-en-train-de-revenir-aux-niveaux-de-la-periode-covid\\\/#primaryimage\"},\"thumbnailUrl\":\"https:\\\/\\\/www.viamartransit.com\\\/wp-content\\\/uploads\\\/2023\\\/03\\\/container-2-infoContainer.jpg\",\"articleSection\":[\"Nouvelles de l&#039;entreprise\"],\"inLanguage\":\"fr-FR\"},{\"@type\":\"WebPage\",\"@id\":\"https:\\\/\\\/www.viamartransit.com\\\/fr\\\/nouvelles-de-lentreprise\\\/fret-des-conteneurs-sommes-nous-en-train-de-revenir-aux-niveaux-de-la-periode-covid\\\/\",\"url\":\"https:\\\/\\\/www.viamartransit.com\\\/fr\\\/nouvelles-de-lentreprise\\\/fret-des-conteneurs-sommes-nous-en-train-de-revenir-aux-niveaux-de-la-periode-covid\\\/\",\"name\":\"Fret des conteneurs : Sommes-nous en train de revenir aux niveaux de la p\u00e9riode Covid ? - Viamar Transit\",\"isPartOf\":{\"@id\":\"https:\\\/\\\/www.viamartransit.com\\\/fr\\\/#website\"},\"primaryImageOfPage\":{\"@id\":\"https:\\\/\\\/www.viamartransit.com\\\/fr\\\/nouvelles-de-lentreprise\\\/fret-des-conteneurs-sommes-nous-en-train-de-revenir-aux-niveaux-de-la-periode-covid\\\/#primaryimage\"},\"image\":{\"@id\":\"https:\\\/\\\/www.viamartransit.com\\\/fr\\\/nouvelles-de-lentreprise\\\/fret-des-conteneurs-sommes-nous-en-train-de-revenir-aux-niveaux-de-la-periode-covid\\\/#primaryimage\"},\"thumbnailUrl\":\"https:\\\/\\\/www.viamartransit.com\\\/wp-content\\\/uploads\\\/2023\\\/03\\\/container-2-infoContainer.jpg\",\"datePublished\":\"2024-06-06T11:40:54+00:00\",\"dateModified\":\"2024-06-06T11:57:24+00:00\",\"breadcrumb\":{\"@id\":\"https:\\\/\\\/www.viamartransit.com\\\/fr\\\/nouvelles-de-lentreprise\\\/fret-des-conteneurs-sommes-nous-en-train-de-revenir-aux-niveaux-de-la-periode-covid\\\/#breadcrumb\"},\"inLanguage\":\"fr-FR\",\"potentialAction\":[{\"@type\":\"ReadAction\",\"target\":[\"https:\\\/\\\/www.viamartransit.com\\\/fr\\\/nouvelles-de-lentreprise\\\/fret-des-conteneurs-sommes-nous-en-train-de-revenir-aux-niveaux-de-la-periode-covid\\\/\"]}]},{\"@type\":\"ImageObject\",\"inLanguage\":\"fr-FR\",\"@id\":\"https:\\\/\\\/www.viamartransit.com\\\/fr\\\/nouvelles-de-lentreprise\\\/fret-des-conteneurs-sommes-nous-en-train-de-revenir-aux-niveaux-de-la-periode-covid\\\/#primaryimage\",\"url\":\"https:\\\/\\\/www.viamartransit.com\\\/wp-content\\\/uploads\\\/2023\\\/03\\\/container-2-infoContainer.jpg\",\"contentUrl\":\"https:\\\/\\\/www.viamartransit.com\\\/wp-content\\\/uploads\\\/2023\\\/03\\\/container-2-infoContainer.jpg\",\"width\":1024,\"height\":686},{\"@type\":\"BreadcrumbList\",\"@id\":\"https:\\\/\\\/www.viamartransit.com\\\/fr\\\/nouvelles-de-lentreprise\\\/fret-des-conteneurs-sommes-nous-en-train-de-revenir-aux-niveaux-de-la-periode-covid\\\/#breadcrumb\",\"itemListElement\":[{\"@type\":\"ListItem\",\"position\":1,\"name\":\"Home\",\"item\":\"https:\\\/\\\/www.viamartransit.com\\\/fr\\\/homepage\\\/\"},{\"@type\":\"ListItem\",\"position\":2,\"name\":\"Fret des conteneurs : Sommes-nous en train de revenir aux niveaux de la p\u00e9riode Covid ?\"}]},{\"@type\":\"WebSite\",\"@id\":\"https:\\\/\\\/www.viamartransit.com\\\/fr\\\/#website\",\"url\":\"https:\\\/\\\/www.viamartransit.com\\\/fr\\\/\",\"name\":\"Viamar Transit\",\"description\":\"Casa di spedizione internazionale , trasporti marittimi container\",\"publisher\":{\"@id\":\"https:\\\/\\\/www.viamartransit.com\\\/fr\\\/#organization\"},\"potentialAction\":[{\"@type\":\"SearchAction\",\"target\":{\"@type\":\"EntryPoint\",\"urlTemplate\":\"https:\\\/\\\/www.viamartransit.com\\\/fr\\\/?s={search_term_string}\"},\"query-input\":{\"@type\":\"PropertyValueSpecification\",\"valueRequired\":true,\"valueName\":\"search_term_string\"}}],\"inLanguage\":\"fr-FR\"},{\"@type\":\"Organization\",\"@id\":\"https:\\\/\\\/www.viamartransit.com\\\/fr\\\/#organization\",\"name\":\"Viamar Transit\",\"url\":\"https:\\\/\\\/www.viamartransit.com\\\/fr\\\/\",\"logo\":{\"@type\":\"ImageObject\",\"inLanguage\":\"fr-FR\",\"@id\":\"https:\\\/\\\/www.viamartransit.com\\\/fr\\\/#\\\/schema\\\/logo\\\/image\\\/\",\"url\":\"https:\\\/\\\/www.viamartransit.com\\\/wp-content\\\/uploads\\\/2022\\\/12\\\/20220908_VIAMAR_LOGO-1.png\",\"contentUrl\":\"https:\\\/\\\/www.viamartransit.com\\\/wp-content\\\/uploads\\\/2022\\\/12\\\/20220908_VIAMAR_LOGO-1.png\",\"width\":1740,\"height\":750,\"caption\":\"Viamar Transit\"},\"image\":{\"@id\":\"https:\\\/\\\/www.viamartransit.com\\\/fr\\\/#\\\/schema\\\/logo\\\/image\\\/\"}},{\"@type\":\"Person\",\"@id\":\"https:\\\/\\\/www.viamartransit.com\\\/fr\\\/#\\\/schema\\\/person\\\/10809a46a67977dabfb4e0ba595a9d75\",\"name\":\"Silvia\",\"image\":{\"@type\":\"ImageObject\",\"inLanguage\":\"fr-FR\",\"@id\":\"https:\\\/\\\/secure.gravatar.com\\\/avatar\\\/581b87dd8662a57fae013977f7d122c69ae08463bb8a223d00001379a5e176dc?s=96&d=mm&r=g\",\"url\":\"https:\\\/\\\/secure.gravatar.com\\\/avatar\\\/581b87dd8662a57fae013977f7d122c69ae08463bb8a223d00001379a5e176dc?s=96&d=mm&r=g\",\"contentUrl\":\"https:\\\/\\\/secure.gravatar.com\\\/avatar\\\/581b87dd8662a57fae013977f7d122c69ae08463bb8a223d00001379a5e176dc?s=96&d=mm&r=g\",\"caption\":\"Silvia\"}}]}<\/script>\n<!-- \/ Yoast SEO plugin. -->","yoast_head_json":{"title":"Fret des conteneurs : Sommes-nous en train de revenir aux niveaux de la p\u00e9riode Covid ? - Viamar Transit","robots":{"index":"index","follow":"follow","max-snippet":"max-snippet:-1","max-image-preview":"max-image-preview:large","max-video-preview":"max-video-preview:-1"},"canonical":"https:\/\/www.viamartransit.com\/fr\/nouvelles-de-lentreprise\/fret-des-conteneurs-sommes-nous-en-train-de-revenir-aux-niveaux-de-la-periode-covid\/","og_locale":"fr_FR","og_type":"article","og_title":"Fret des conteneurs : Sommes-nous en train de revenir aux niveaux de la p\u00e9riode Covid ? - Viamar Transit","og_url":"https:\/\/www.viamartransit.com\/fr\/nouvelles-de-lentreprise\/fret-des-conteneurs-sommes-nous-en-train-de-revenir-aux-niveaux-de-la-periode-covid\/","og_site_name":"Viamar Transit","article_published_time":"2024-06-06T11:40:54+00:00","article_modified_time":"2024-06-06T11:57:24+00:00","og_image":[{"width":1024,"height":686,"url":"https:\/\/www.viamartransit.com\/wp-content\/uploads\/2023\/03\/container-2-infoContainer.jpg","type":"image\/jpeg"}],"author":"Silvia","twitter_card":"summary_large_image","twitter_misc":{"\u00c9crit par":"Silvia","Dur\u00e9e de lecture estim\u00e9e":"5 minutes"},"schema":{"@context":"https:\/\/schema.org","@graph":[{"@type":"Article","@id":"https:\/\/www.viamartransit.com\/fr\/nouvelles-de-lentreprise\/fret-des-conteneurs-sommes-nous-en-train-de-revenir-aux-niveaux-de-la-periode-covid\/#article","isPartOf":{"@id":"https:\/\/www.viamartransit.com\/fr\/nouvelles-de-lentreprise\/fret-des-conteneurs-sommes-nous-en-train-de-revenir-aux-niveaux-de-la-periode-covid\/"},"author":{"name":"Silvia","@id":"https:\/\/www.viamartransit.com\/fr\/#\/schema\/person\/10809a46a67977dabfb4e0ba595a9d75"},"headline":"Fret des conteneurs : Sommes-nous en train de revenir aux niveaux de la p\u00e9riode Covid ?","datePublished":"2024-06-06T11:40:54+00:00","dateModified":"2024-06-06T11:57:24+00:00","mainEntityOfPage":{"@id":"https:\/\/www.viamartransit.com\/fr\/nouvelles-de-lentreprise\/fret-des-conteneurs-sommes-nous-en-train-de-revenir-aux-niveaux-de-la-periode-covid\/"},"wordCount":1980,"publisher":{"@id":"https:\/\/www.viamartransit.com\/fr\/#organization"},"image":{"@id":"https:\/\/www.viamartransit.com\/fr\/nouvelles-de-lentreprise\/fret-des-conteneurs-sommes-nous-en-train-de-revenir-aux-niveaux-de-la-periode-covid\/#primaryimage"},"thumbnailUrl":"https:\/\/www.viamartransit.com\/wp-content\/uploads\/2023\/03\/container-2-infoContainer.jpg","articleSection":["Nouvelles de l&#039;entreprise"],"inLanguage":"fr-FR"},{"@type":"WebPage","@id":"https:\/\/www.viamartransit.com\/fr\/nouvelles-de-lentreprise\/fret-des-conteneurs-sommes-nous-en-train-de-revenir-aux-niveaux-de-la-periode-covid\/","url":"https:\/\/www.viamartransit.com\/fr\/nouvelles-de-lentreprise\/fret-des-conteneurs-sommes-nous-en-train-de-revenir-aux-niveaux-de-la-periode-covid\/","name":"Fret des conteneurs : Sommes-nous en train de revenir aux niveaux de la p\u00e9riode Covid ? - Viamar Transit","isPartOf":{"@id":"https:\/\/www.viamartransit.com\/fr\/#website"},"primaryImageOfPage":{"@id":"https:\/\/www.viamartransit.com\/fr\/nouvelles-de-lentreprise\/fret-des-conteneurs-sommes-nous-en-train-de-revenir-aux-niveaux-de-la-periode-covid\/#primaryimage"},"image":{"@id":"https:\/\/www.viamartransit.com\/fr\/nouvelles-de-lentreprise\/fret-des-conteneurs-sommes-nous-en-train-de-revenir-aux-niveaux-de-la-periode-covid\/#primaryimage"},"thumbnailUrl":"https:\/\/www.viamartransit.com\/wp-content\/uploads\/2023\/03\/container-2-infoContainer.jpg","datePublished":"2024-06-06T11:40:54+00:00","dateModified":"2024-06-06T11:57:24+00:00","breadcrumb":{"@id":"https:\/\/www.viamartransit.com\/fr\/nouvelles-de-lentreprise\/fret-des-conteneurs-sommes-nous-en-train-de-revenir-aux-niveaux-de-la-periode-covid\/#breadcrumb"},"inLanguage":"fr-FR","potentialAction":[{"@type":"ReadAction","target":["https:\/\/www.viamartransit.com\/fr\/nouvelles-de-lentreprise\/fret-des-conteneurs-sommes-nous-en-train-de-revenir-aux-niveaux-de-la-periode-covid\/"]}]},{"@type":"ImageObject","inLanguage":"fr-FR","@id":"https:\/\/www.viamartransit.com\/fr\/nouvelles-de-lentreprise\/fret-des-conteneurs-sommes-nous-en-train-de-revenir-aux-niveaux-de-la-periode-covid\/#primaryimage","url":"https:\/\/www.viamartransit.com\/wp-content\/uploads\/2023\/03\/container-2-infoContainer.jpg","contentUrl":"https:\/\/www.viamartransit.com\/wp-content\/uploads\/2023\/03\/container-2-infoContainer.jpg","width":1024,"height":686},{"@type":"BreadcrumbList","@id":"https:\/\/www.viamartransit.com\/fr\/nouvelles-de-lentreprise\/fret-des-conteneurs-sommes-nous-en-train-de-revenir-aux-niveaux-de-la-periode-covid\/#breadcrumb","itemListElement":[{"@type":"ListItem","position":1,"name":"Home","item":"https:\/\/www.viamartransit.com\/fr\/homepage\/"},{"@type":"ListItem","position":2,"name":"Fret des conteneurs : Sommes-nous en train de revenir aux niveaux de la p\u00e9riode Covid ?"}]},{"@type":"WebSite","@id":"https:\/\/www.viamartransit.com\/fr\/#website","url":"https:\/\/www.viamartransit.com\/fr\/","name":"Viamar Transit","description":"Casa di spedizione internazionale , trasporti marittimi container","publisher":{"@id":"https:\/\/www.viamartransit.com\/fr\/#organization"},"potentialAction":[{"@type":"SearchAction","target":{"@type":"EntryPoint","urlTemplate":"https:\/\/www.viamartransit.com\/fr\/?s={search_term_string}"},"query-input":{"@type":"PropertyValueSpecification","valueRequired":true,"valueName":"search_term_string"}}],"inLanguage":"fr-FR"},{"@type":"Organization","@id":"https:\/\/www.viamartransit.com\/fr\/#organization","name":"Viamar Transit","url":"https:\/\/www.viamartransit.com\/fr\/","logo":{"@type":"ImageObject","inLanguage":"fr-FR","@id":"https:\/\/www.viamartransit.com\/fr\/#\/schema\/logo\/image\/","url":"https:\/\/www.viamartransit.com\/wp-content\/uploads\/2022\/12\/20220908_VIAMAR_LOGO-1.png","contentUrl":"https:\/\/www.viamartransit.com\/wp-content\/uploads\/2022\/12\/20220908_VIAMAR_LOGO-1.png","width":1740,"height":750,"caption":"Viamar Transit"},"image":{"@id":"https:\/\/www.viamartransit.com\/fr\/#\/schema\/logo\/image\/"}},{"@type":"Person","@id":"https:\/\/www.viamartransit.com\/fr\/#\/schema\/person\/10809a46a67977dabfb4e0ba595a9d75","name":"Silvia","image":{"@type":"ImageObject","inLanguage":"fr-FR","@id":"https:\/\/secure.gravatar.com\/avatar\/581b87dd8662a57fae013977f7d122c69ae08463bb8a223d00001379a5e176dc?s=96&d=mm&r=g","url":"https:\/\/secure.gravatar.com\/avatar\/581b87dd8662a57fae013977f7d122c69ae08463bb8a223d00001379a5e176dc?s=96&d=mm&r=g","contentUrl":"https:\/\/secure.gravatar.com\/avatar\/581b87dd8662a57fae013977f7d122c69ae08463bb8a223d00001379a5e176dc?s=96&d=mm&r=g","caption":"Silvia"}}]}},"meta_box":[],"_links":{"self":[{"href":"https:\/\/www.viamartransit.com\/fr\/wp-json\/wp\/v2\/posts\/6036","targetHints":{"allow":["GET"]}}],"collection":[{"href":"https:\/\/www.viamartransit.com\/fr\/wp-json\/wp\/v2\/posts"}],"about":[{"href":"https:\/\/www.viamartransit.com\/fr\/wp-json\/wp\/v2\/types\/post"}],"author":[{"embeddable":true,"href":"https:\/\/www.viamartransit.com\/fr\/wp-json\/wp\/v2\/users\/2"}],"replies":[{"embeddable":true,"href":"https:\/\/www.viamartransit.com\/fr\/wp-json\/wp\/v2\/comments?post=6036"}],"version-history":[{"count":0,"href":"https:\/\/www.viamartransit.com\/fr\/wp-json\/wp\/v2\/posts\/6036\/revisions"}],"wp:featuredmedia":[{"embeddable":true,"href":"https:\/\/www.viamartransit.com\/fr\/wp-json\/wp\/v2\/media\/1056"}],"wp:attachment":[{"href":"https:\/\/www.viamartransit.com\/fr\/wp-json\/wp\/v2\/media?parent=6036"}],"wp:term":[{"taxonomy":"category","embeddable":true,"href":"https:\/\/www.viamartransit.com\/fr\/wp-json\/wp\/v2\/categories?post=6036"},{"taxonomy":"post_tag","embeddable":true,"href":"https:\/\/www.viamartransit.com\/fr\/wp-json\/wp\/v2\/tags?post=6036"}],"curies":[{"name":"wp","href":"https:\/\/api.w.org\/{rel}","templated":true}]}}